{"id":1347,"date":"2022-04-24T09:39:46","date_gmt":"2022-04-24T07:39:46","guid":{"rendered":"https:\/\/maisoncalifornia.fr\/?p=1347"},"modified":"2022-04-24T10:29:47","modified_gmt":"2022-04-24T08:29:47","slug":"la-collaboration-tendance-ikea-x-world-surf-league-la-collection-kaseberga","status":"publish","type":"post","link":"https:\/\/maisoncalifornia.fr\/?p=1347","title":{"rendered":"La collaboration tendance IKEA x WORLD SURF LEAGUE, la collection K\u00c5SEBERGA"},"content":{"rendered":"\n<p class=\"has-drop-cap\">Le g\u00e9ant su\u00e9dois IKEA s\u2019est associ\u00e9 \u00e0 la World Surf League et en particulier aux surfeurs de renom Rob Machado et Kassia Meador mais a aussi consult\u00e9 3.500 surfeurs, pour cr\u00e9er une collection capsule \u00e9co-responsable s&#8217;inspirant de l\u2019esprit du surf. <\/p>\n\n\n\n<p><\/p>\n\n\n\n<blockquote class=\"wp-block-quote has-text-align-center is-layout-flow wp-block-quote-is-layout-flow\"><p><strong>\u201d<\/strong>The IKEA design approach plus Rob and Kassia\u2019s vast experience in living as surfers make for a collection that is not only sustainable, but also functional<strong>\u201d<\/strong><\/p><\/blockquote>\n\n\n\n<hr class=\"wp-block-separator is-style-default\"\/>\n\n\n\n<p><\/p>\n\n\n\n<p><\/p>\n\n\n\n<div class=\"wp-block-jetpack-tiled-gallery is-style-rectangular\"><div class=\"tiled-gallery__gallery\"><div class=\"tiled-gallery__row\"><div class=\"tiled-gallery__col\" style=\"flex-basis:50%\"><figure class=\"tiled-gallery__item\"><img decoding=\"async\" srcset=\"https:\/\/i1.wp.com\/maisoncalifornia.fr\/wp-content\/uploads\/2022\/04\/une-photo-noir-et-blanc-de-lex-surfeuse-professionnelle-kass-d54b928644aeb06ba91b74c2372010e0.webp?strip=info&#038;w=600&#038;ssl=1 600w,https:\/\/i1.wp.com\/maisoncalifornia.fr\/wp-content\/uploads\/2022\/04\/une-photo-noir-et-blanc-de-lex-surfeuse-professionnelle-kass-d54b928644aeb06ba91b74c2372010e0.webp?strip=info&#038;w=900&#038;ssl=1 900w,https:\/\/i1.wp.com\/maisoncalifornia.fr\/wp-content\/uploads\/2022\/04\/une-photo-noir-et-blanc-de-lex-surfeuse-professionnelle-kass-d54b928644aeb06ba91b74c2372010e0.webp?strip=info&#038;w=1200&#038;ssl=1 1200w,https:\/\/i1.wp.com\/maisoncalifornia.fr\/wp-content\/uploads\/2022\/04\/une-photo-noir-et-blanc-de-lex-surfeuse-professionnelle-kass-d54b928644aeb06ba91b74c2372010e0.webp?strip=info&#038;w=1500&#038;ssl=1 1500w,https:\/\/i1.wp.com\/maisoncalifornia.fr\/wp-content\/uploads\/2022\/04\/une-photo-noir-et-blanc-de-lex-surfeuse-professionnelle-kass-d54b928644aeb06ba91b74c2372010e0.webp?strip=info&#038;w=1600&#038;ssl=1 1600w\" alt=\"\" data-height=\"2134\" data-id=\"1359\" data-link=\"https:\/\/maisoncalifornia.fr\/?attachment_id=1359\" data-url=\"https:\/\/maisoncalifornia.fr\/wp-content\/uploads\/2022\/04\/une-photo-noir-et-blanc-de-lex-surfeuse-professionnelle-kass-d54b928644aeb06ba91b74c2372010e0.webp\" data-width=\"1600\" src=\"https:\/\/i1.wp.com\/maisoncalifornia.fr\/wp-content\/uploads\/2022\/04\/une-photo-noir-et-blanc-de-lex-surfeuse-professionnelle-kass-d54b928644aeb06ba91b74c2372010e0.webp?ssl=1\" layout=\"responsive\"\/><\/figure><\/div><div class=\"tiled-gallery__col\" style=\"flex-basis:50%\"><figure class=\"tiled-gallery__item\"><img decoding=\"async\" srcset=\"https:\/\/i1.wp.com\/maisoncalifornia.fr\/wp-content\/uploads\/2022\/04\/une-photo-noir-et-blanc-de-lex-surfeur-professionnel-rob-mac-6f399bfb8c02ada99fad6188ed474d4d-1.jpeg?strip=info&#038;w=600&#038;ssl=1 600w,https:\/\/i1.wp.com\/maisoncalifornia.fr\/wp-content\/uploads\/2022\/04\/une-photo-noir-et-blanc-de-lex-surfeur-professionnel-rob-mac-6f399bfb8c02ada99fad6188ed474d4d-1.jpeg?strip=info&#038;w=900&#038;ssl=1 900w,https:\/\/i1.wp.com\/maisoncalifornia.fr\/wp-content\/uploads\/2022\/04\/une-photo-noir-et-blanc-de-lex-surfeur-professionnel-rob-mac-6f399bfb8c02ada99fad6188ed474d4d-1.jpeg?strip=info&#038;w=1200&#038;ssl=1 1200w,https:\/\/i1.wp.com\/maisoncalifornia.fr\/wp-content\/uploads\/2022\/04\/une-photo-noir-et-blanc-de-lex-surfeur-professionnel-rob-mac-6f399bfb8c02ada99fad6188ed474d4d-1.jpeg?strip=info&#038;w=1500&#038;ssl=1 1500w,https:\/\/i1.wp.com\/maisoncalifornia.fr\/wp-content\/uploads\/2022\/04\/une-photo-noir-et-blanc-de-lex-surfeur-professionnel-rob-mac-6f399bfb8c02ada99fad6188ed474d4d-1.jpeg?strip=info&#038;w=1600&#038;ssl=1 1600w\" alt=\"\" data-height=\"2134\" data-id=\"1360\" data-link=\"https:\/\/maisoncalifornia.fr\/?attachment_id=1360\" data-url=\"https:\/\/maisoncalifornia.fr\/wp-content\/uploads\/2022\/04\/une-photo-noir-et-blanc-de-lex-surfeur-professionnel-rob-mac-6f399bfb8c02ada99fad6188ed474d4d-1.jpeg\" data-width=\"1600\" src=\"https:\/\/i1.wp.com\/maisoncalifornia.fr\/wp-content\/uploads\/2022\/04\/une-photo-noir-et-blanc-de-lex-surfeur-professionnel-rob-mac-6f399bfb8c02ada99fad6188ed474d4d-1.jpeg?ssl=1\" layout=\"responsive\"\/><\/figure><\/div><\/div><\/div><\/div>\n\n\n\n<p class=\"has-text-align-center\">Kassia Meador x Rob Machado<\/p>\n\n\n\n<figure class=\"wp-block-pullquote\"><blockquote><p>Fabriqu\u00e9e dans des mati\u00e8res renouvelables ou recycl\u00e9es, la collection K\u00c5SEBERGA rappelle les d\u00e9fis plan\u00e9taires auxquels nous faisons face et encourage un mode de vie durable, sur l\u2019eau et en dehors. <\/p><\/blockquote><\/figure>\n\n\n\n<div class=\"wp-block-image\"><figure class=\"aligncenter size-large\"><img loading=\"lazy\" decoding=\"async\" width=\"1024\" height=\"786\" src=\"https:\/\/maisoncalifornia.fr\/wp-content\/uploads\/2022\/04\/IK12-2-1024x786.jpeg\" alt=\"\" class=\"wp-image-1363\" srcset=\"https:\/\/maisoncalifornia.fr\/wp-content\/uploads\/2022\/04\/IK12-2-1024x786.jpeg 1024w, https:\/\/maisoncalifornia.fr\/wp-content\/uploads\/2022\/04\/IK12-2-600x461.jpeg 600w, https:\/\/maisoncalifornia.fr\/wp-content\/uploads\/2022\/04\/IK12-2-300x230.jpeg 300w, https:\/\/maisoncalifornia.fr\/wp-content\/uploads\/2022\/04\/IK12-2-768x590.jpeg 768w, https:\/\/maisoncalifornia.fr\/wp-content\/uploads\/2022\/04\/IK12-2-260x200.jpeg 260w, https:\/\/maisoncalifornia.fr\/wp-content\/uploads\/2022\/04\/IK12-2-280x215.jpeg 280w, https:\/\/maisoncalifornia.fr\/wp-content\/uploads\/2022\/04\/IK12-2-78x60.jpeg 78w, https:\/\/maisoncalifornia.fr\/wp-content\/uploads\/2022\/04\/IK12-2-117x90.jpeg 117w, https:\/\/maisoncalifornia.fr\/wp-content\/uploads\/2022\/04\/IK12-2.jpeg 1366w\" sizes=\"auto, (max-width: 1024px) 100vw, 1024px\" \/><\/figure><\/div>\n\n\n\n<p class=\"has-text-align-center\">Le nom de la collection &#8220;K\u00c5SEBERGA&#8221; est directement inspir\u00e9 de la petite ville du sud de la Su\u00e8de o\u00f9 se r\u00e9unissent les surfeurs locaux.&nbsp;<\/p>\n\n\n\n<div class=\"wp-block-image\"><figure class=\"aligncenter size-large\"><img loading=\"lazy\" decoding=\"async\" width=\"1024\" height=\"1024\" src=\"https:\/\/maisoncalifornia.fr\/wp-content\/uploads\/2022\/04\/IK3-1-1024x1024.jpeg\" alt=\"\" class=\"wp-image-1348\" srcset=\"https:\/\/maisoncalifornia.fr\/wp-content\/uploads\/2022\/04\/IK3-1-1024x1024.jpeg 1024w, https:\/\/maisoncalifornia.fr\/wp-content\/uploads\/2022\/04\/IK3-1-300x300.jpeg 300w, https:\/\/maisoncalifornia.fr\/wp-content\/uploads\/2022\/04\/IK3-1-600x600.jpeg 600w, https:\/\/maisoncalifornia.fr\/wp-content\/uploads\/2022\/04\/IK3-1-150x150.jpeg 150w, https:\/\/maisoncalifornia.fr\/wp-content\/uploads\/2022\/04\/IK3-1-768x768.jpeg 768w, https:\/\/maisoncalifornia.fr\/wp-content\/uploads\/2022\/04\/IK3-1-60x60.jpeg 60w, https:\/\/maisoncalifornia.fr\/wp-content\/uploads\/2022\/04\/IK3-1-90x90.jpeg 90w, https:\/\/maisoncalifornia.fr\/wp-content\/uploads\/2022\/04\/IK3-1.jpeg 1200w\" sizes=\"auto, (max-width: 1024px) 100vw, 1024px\" \/><figcaption>Etag\u00e8re fa\u00e7on rack<\/figcaption><\/figure><\/div>\n\n\n\n<div class=\"wp-block-image\"><figure class=\"aligncenter size-large\"><img loading=\"lazy\" decoding=\"async\" width=\"1024\" height=\"1024\" src=\"https:\/\/maisoncalifornia.fr\/wp-content\/uploads\/2022\/04\/IK05-1024x1024.jpeg\" alt=\"\" class=\"wp-image-1349\" srcset=\"https:\/\/maisoncalifornia.fr\/wp-content\/uploads\/2022\/04\/IK05-1024x1024.jpeg 1024w, https:\/\/maisoncalifornia.fr\/wp-content\/uploads\/2022\/04\/IK05-300x300.jpeg 300w, https:\/\/maisoncalifornia.fr\/wp-content\/uploads\/2022\/04\/IK05-600x600.jpeg 600w, https:\/\/maisoncalifornia.fr\/wp-content\/uploads\/2022\/04\/IK05-150x150.jpeg 150w, https:\/\/maisoncalifornia.fr\/wp-content\/uploads\/2022\/04\/IK05-768x768.jpeg 768w, https:\/\/maisoncalifornia.fr\/wp-content\/uploads\/2022\/04\/IK05-60x60.jpeg 60w, https:\/\/maisoncalifornia.fr\/wp-content\/uploads\/2022\/04\/IK05-90x90.jpeg 90w, https:\/\/maisoncalifornia.fr\/wp-content\/uploads\/2022\/04\/IK05.jpeg 1200w\" sizes=\"auto, (max-width: 1024px) 100vw, 1024px\" \/><figcaption>Table basse inspir\u00e9e de la planche de surf<\/figcaption><\/figure><\/div>\n\n\n\n<div class=\"wp-block-jetpack-tiled-gallery aligncenter is-style-rectangular\"><div class=\"tiled-gallery__gallery\"><div class=\"tiled-gallery__row\"><div class=\"tiled-gallery__col\" style=\"flex-basis:50.96855610476211%\"><figure class=\"tiled-gallery__item\"><img decoding=\"async\" srcset=\"https:\/\/i1.wp.com\/maisoncalifornia.fr\/wp-content\/uploads\/2022\/04\/IK6-3.jpeg?strip=info&#038;w=600&#038;ssl=1 600w,https:\/\/i1.wp.com\/maisoncalifornia.fr\/wp-content\/uploads\/2022\/04\/IK6-3.jpeg?strip=info&#038;w=900&#038;ssl=1 900w,https:\/\/i1.wp.com\/maisoncalifornia.fr\/wp-content\/uploads\/2022\/04\/IK6-3.jpeg?strip=info&#038;w=1200&#038;ssl=1 1200w,https:\/\/i1.wp.com\/maisoncalifornia.fr\/wp-content\/uploads\/2022\/04\/IK6-3.jpeg?strip=info&#038;w=1366&#038;ssl=1 1366w\" alt=\"\" data-height=\"1971\" data-id=\"1350\" data-link=\"https:\/\/maisoncalifornia.fr\/?attachment_id=1350\" data-url=\"https:\/\/maisoncalifornia.fr\/wp-content\/uploads\/2022\/04\/IK6-3.jpeg\" data-width=\"1366\" src=\"https:\/\/i1.wp.com\/maisoncalifornia.fr\/wp-content\/uploads\/2022\/04\/IK6-3.jpeg?ssl=1\" layout=\"responsive\"\/><\/figure><\/div><div class=\"tiled-gallery__col\" style=\"flex-basis:49.031443895237885%\"><figure class=\"tiled-gallery__item\"><img decoding=\"async\" srcset=\"https:\/\/i0.wp.com\/maisoncalifornia.fr\/wp-content\/uploads\/2022\/04\/IK07-1-1.jpeg?strip=info&#038;w=600&#038;ssl=1 600w,https:\/\/i0.wp.com\/maisoncalifornia.fr\/wp-content\/uploads\/2022\/04\/IK07-1-1.jpeg?strip=info&#038;w=900&#038;ssl=1 900w,https:\/\/i0.wp.com\/maisoncalifornia.fr\/wp-content\/uploads\/2022\/04\/IK07-1-1.jpeg?strip=info&#038;w=1200&#038;ssl=1 1200w\" alt=\"\" data-height=\"1800\" data-id=\"1385\" data-link=\"https:\/\/maisoncalifornia.fr\/?attachment_id=1385\" data-url=\"https:\/\/maisoncalifornia.fr\/wp-content\/uploads\/2022\/04\/IK07-1-1.jpeg\" data-width=\"1200\" src=\"https:\/\/i0.wp.com\/maisoncalifornia.fr\/wp-content\/uploads\/2022\/04\/IK07-1-1.jpeg?ssl=1\" layout=\"responsive\"\/><\/figure><\/div><\/div><\/div><\/div>\n\n\n\n<p class=\"has-text-align-center\">La collection en \u00e9dition limit\u00e9e n&#8217;est pas seulement tourn\u00e9e vers la maison mais offre une s\u00e9rie d&#8217;accessoires lifestyle destin\u00e9e \u00e0 une vie nomade, au grand air.<\/p>\n\n\n\n<div class=\"wp-block-image\"><figure class=\"aligncenter size-large\"><img loading=\"lazy\" decoding=\"async\" width=\"1024\" height=\"1024\" src=\"https:\/\/maisoncalifornia.fr\/wp-content\/uploads\/2022\/04\/IK08-1024x1024.jpeg\" alt=\"\" class=\"wp-image-1352\" srcset=\"https:\/\/maisoncalifornia.fr\/wp-content\/uploads\/2022\/04\/IK08-1024x1024.jpeg 1024w, https:\/\/maisoncalifornia.fr\/wp-content\/uploads\/2022\/04\/IK08-300x300.jpeg 300w, https:\/\/maisoncalifornia.fr\/wp-content\/uploads\/2022\/04\/IK08-600x600.jpeg 600w, https:\/\/maisoncalifornia.fr\/wp-content\/uploads\/2022\/04\/IK08-150x150.jpeg 150w, https:\/\/maisoncalifornia.fr\/wp-content\/uploads\/2022\/04\/IK08-768x768.jpeg 768w, https:\/\/maisoncalifornia.fr\/wp-content\/uploads\/2022\/04\/IK08-60x60.jpeg 60w, https:\/\/maisoncalifornia.fr\/wp-content\/uploads\/2022\/04\/IK08-90x90.jpeg 90w, https:\/\/maisoncalifornia.fr\/wp-content\/uploads\/2022\/04\/IK08.jpeg 1200w\" sizes=\"auto, (max-width: 1024px) 100vw, 1024px\" \/><figcaption>Barbecue portable<\/figcaption><\/figure><\/div>\n\n\n\n<p class=\"has-text-align-center\">Le sac K\u00c5SEBERGA fabriqu\u00e9 en polyester recycl\u00e9 \u00e0 partir de plastique trouv\u00e9 dans les oc\u00e9ans est sp\u00e9cialement con\u00e7u pour ramasser nos d\u00e9chets sur les plages. <\/p>\n\n\n\n<div class=\"wp-block-image\"><figure class=\"aligncenter size-large\"><img loading=\"lazy\" decoding=\"async\" width=\"1024\" height=\"1024\" src=\"https:\/\/maisoncalifornia.fr\/wp-content\/uploads\/2022\/04\/IK09-1024x1024.jpeg\" alt=\"\" class=\"wp-image-1353\" srcset=\"https:\/\/maisoncalifornia.fr\/wp-content\/uploads\/2022\/04\/IK09-1024x1024.jpeg 1024w, https:\/\/maisoncalifornia.fr\/wp-content\/uploads\/2022\/04\/IK09-300x300.jpeg 300w, https:\/\/maisoncalifornia.fr\/wp-content\/uploads\/2022\/04\/IK09-600x600.jpeg 600w, https:\/\/maisoncalifornia.fr\/wp-content\/uploads\/2022\/04\/IK09-150x150.jpeg 150w, https:\/\/maisoncalifornia.fr\/wp-content\/uploads\/2022\/04\/IK09-768x768.jpeg 768w, https:\/\/maisoncalifornia.fr\/wp-content\/uploads\/2022\/04\/IK09-1536x1536.jpeg 1536w, https:\/\/maisoncalifornia.fr\/wp-content\/uploads\/2022\/04\/IK09-60x60.jpeg 60w, https:\/\/maisoncalifornia.fr\/wp-content\/uploads\/2022\/04\/IK09-90x90.jpeg 90w, https:\/\/maisoncalifornia.fr\/wp-content\/uploads\/2022\/04\/IK09.jpeg 1800w\" sizes=\"auto, (max-width: 1024px) 100vw, 1024px\" \/><figcaption>Sac de plage <\/figcaption><\/figure><\/div>\n\n\n\n<div class=\"wp-block-image\"><figure class=\"aligncenter size-large\"><img loading=\"lazy\" decoding=\"async\" width=\"1024\" height=\"1024\" src=\"https:\/\/maisoncalifornia.fr\/wp-content\/uploads\/2022\/04\/IK012-1024x1024.jpeg\" alt=\"\" class=\"wp-image-1356\" srcset=\"https:\/\/maisoncalifornia.fr\/wp-content\/uploads\/2022\/04\/IK012-1024x1024.jpeg 1024w, https:\/\/maisoncalifornia.fr\/wp-content\/uploads\/2022\/04\/IK012-300x300.jpeg 300w, https:\/\/maisoncalifornia.fr\/wp-content\/uploads\/2022\/04\/IK012-600x600.jpeg 600w, https:\/\/maisoncalifornia.fr\/wp-content\/uploads\/2022\/04\/IK012-150x150.jpeg 150w, https:\/\/maisoncalifornia.fr\/wp-content\/uploads\/2022\/04\/IK012-768x768.jpeg 768w, https:\/\/maisoncalifornia.fr\/wp-content\/uploads\/2022\/04\/IK012-60x60.jpeg 60w, https:\/\/maisoncalifornia.fr\/wp-content\/uploads\/2022\/04\/IK012-90x90.jpeg 90w, https:\/\/maisoncalifornia.fr\/wp-content\/uploads\/2022\/04\/IK012.jpeg 1200w\" sizes=\"auto, (max-width: 1024px) 100vw, 1024px\" \/><figcaption>Handplane<\/figcaption><\/figure><\/div>\n\n\n\n<h2 class=\"has-text-align-center wp-block-heading\">Ma pi\u00e8ce favorite ?<\/h2>\n\n\n\n<p class=\"has-text-align-center\">La balance board, design\u00e9e par Axelsson x Machado, id\u00e9ale pour s&#8217;entra\u00eener \u00e0 l&#8217;\u00e9quilibre. <\/p>\n\n\n\n<div class=\"wp-block-image\"><figure class=\"aligncenter size-full\"><img loading=\"lazy\" decoding=\"async\" width=\"600\" height=\"800\" src=\"https:\/\/maisoncalifornia.fr\/wp-content\/uploads\/2022\/04\/PH185207-crop001.webp\" alt=\"\" class=\"wp-image-1397\" srcset=\"https:\/\/maisoncalifornia.fr\/wp-content\/uploads\/2022\/04\/PH185207-crop001.webp 600w, https:\/\/maisoncalifornia.fr\/wp-content\/uploads\/2022\/04\/PH185207-crop001-225x300.webp 225w, https:\/\/maisoncalifornia.fr\/wp-content\/uploads\/2022\/04\/PH185207-crop001-45x60.webp 45w, https:\/\/maisoncalifornia.fr\/wp-content\/uploads\/2022\/04\/PH185207-crop001-68x90.webp 68w\" sizes=\"auto, (max-width: 600px) 100vw, 600px\" \/><\/figure><\/div>\n\n\n\n<h2 class=\"has-text-align-center wp-block-heading\">SAVE THE DATE<\/h2>\n\n\n\n<p>La collection K\u00c5SEBERGA sera&nbsp;<strong>en vente \u00e0 partir du 29 avril<\/strong>&nbsp;sur IKEA.fr et dans les magasins suivants : Brest, Plaisir, Vitrolles, Paris Nord, Lomme, Bordeaux, Rouen, Rennes, Caen, Bayonne, La Valette-du-Var, Nantes, Franconville, Montpellier, Thiais, Marseille La Valentine, Paris La Madeleine, Nice.<\/p>\n\n\n\n<div class=\"wp-block-jetpack-tiled-gallery aligncenter is-style-rectangular\"><div class=\"tiled-gallery__gallery\"><div class=\"tiled-gallery__row\"><div class=\"tiled-gallery__col\" style=\"flex-basis:30.768637548278004%\"><figure class=\"tiled-gallery__item\"><img decoding=\"async\" srcset=\"https:\/\/i2.wp.com\/maisoncalifornia.fr\/wp-content\/uploads\/2022\/04\/IK010.jpeg?strip=info&#038;w=600&#038;ssl=1 600w,https:\/\/i2.wp.com\/maisoncalifornia.fr\/wp-content\/uploads\/2022\/04\/IK010.jpeg?strip=info&#038;w=683&#038;ssl=1 683w\" alt=\"\" data-height=\"1024\" data-id=\"1354\" data-link=\"https:\/\/maisoncalifornia.fr\/?attachment_id=1354\" data-url=\"https:\/\/maisoncalifornia.fr\/wp-content\/uploads\/2022\/04\/IK010.jpeg\" data-width=\"683\" src=\"https:\/\/i2.wp.com\/maisoncalifornia.fr\/wp-content\/uploads\/2022\/04\/IK010.jpeg?ssl=1\" layout=\"responsive\"\/><\/figure><\/div><div class=\"tiled-gallery__col\" style=\"flex-basis:34.61568122586099%\"><figure class=\"tiled-gallery__item\"><img decoding=\"async\" srcset=\"https:\/\/i1.wp.com\/maisoncalifornia.fr\/wp-content\/uploads\/2022\/04\/PH185218-crop001.webp?strip=info&#038;w=600&#038;ssl=1 600w,https:\/\/i1.wp.com\/maisoncalifornia.fr\/wp-content\/uploads\/2022\/04\/PH185218-crop001.webp?strip=info&#038;w=900&#038;ssl=1 900w\" alt=\"\" data-height=\"1199\" data-id=\"1400\" data-link=\"https:\/\/maisoncalifornia.fr\/?attachment_id=1400\" data-url=\"https:\/\/maisoncalifornia.fr\/wp-content\/uploads\/2022\/04\/PH185218-crop001.webp\" data-width=\"900\" src=\"https:\/\/i1.wp.com\/maisoncalifornia.fr\/wp-content\/uploads\/2022\/04\/PH185218-crop001.webp?ssl=1\" layout=\"responsive\"\/><\/figure><\/div><div class=\"tiled-gallery__col\" style=\"flex-basis:34.61568122586099%\"><figure class=\"tiled-gallery__item\"><img decoding=\"async\" srcset=\"https:\/\/i0.wp.com\/maisoncalifornia.fr\/wp-content\/uploads\/2022\/04\/PH185246-crop001.webp?strip=info&#038;w=600&#038;ssl=1 600w,https:\/\/i0.wp.com\/maisoncalifornia.fr\/wp-content\/uploads\/2022\/04\/PH185246-crop001.webp?strip=info&#038;w=900&#038;ssl=1 900w\" alt=\"\" data-height=\"1199\" data-id=\"1401\" data-link=\"https:\/\/maisoncalifornia.fr\/?attachment_id=1401\" data-url=\"https:\/\/maisoncalifornia.fr\/wp-content\/uploads\/2022\/04\/PH185246-crop001.webp\" data-width=\"900\" src=\"https:\/\/i0.wp.com\/maisoncalifornia.fr\/wp-content\/uploads\/2022\/04\/PH185246-crop001.webp?ssl=1\" layout=\"responsive\"\/><\/figure><\/div><\/div><\/div><\/div>\n\n\n\n<h2 class=\"has-text-align-center wp-block-heading\">Envie d&#8217;aller plus loin ?<\/h2>\n\n\n\n<p>Le&nbsp;<strong>30 avril<\/strong>, agissez pour l&#8217;environnement ! Parce que nous sommes tous concern\u00e9s, IKEA propose \u00e0 ses membres IKEA Family, de prendre part \u00e0 un grand mouvement de d\u00e9pollution des espaces naturels, organis\u00e9 par Project Rescue Ocean. Inscription aupr\u00e8s du magasin le plus proche (Bayonne, Nantes, Marseille &#8211; La Valentine, Marseille &#8211; Vitrolles, Caen, Montpellier et Rouen).<\/p>\n\n\n\n<div class=\"wp-block-image\"><figure class=\"aligncenter size-full\"><img loading=\"lazy\" decoding=\"async\" width=\"625\" height=\"625\" src=\"https:\/\/maisoncalifornia.fr\/wp-content\/uploads\/2022\/04\/IKEA-x-World-Surf-League-le-geant-suedois-lance-une-collection-d-accessoires-de-surf.jpeg\" alt=\"\" class=\"wp-image-1362\" srcset=\"https:\/\/maisoncalifornia.fr\/wp-content\/uploads\/2022\/04\/IKEA-x-World-Surf-League-le-geant-suedois-lance-une-collection-d-accessoires-de-surf.jpeg 625w, https:\/\/maisoncalifornia.fr\/wp-content\/uploads\/2022\/04\/IKEA-x-World-Surf-League-le-geant-suedois-lance-une-collection-d-accessoires-de-surf-300x300.jpeg 300w, https:\/\/maisoncalifornia.fr\/wp-content\/uploads\/2022\/04\/IKEA-x-World-Surf-League-le-geant-suedois-lance-une-collection-d-accessoires-de-surf-600x600.jpeg 600w, https:\/\/maisoncalifornia.fr\/wp-content\/uploads\/2022\/04\/IKEA-x-World-Surf-League-le-geant-suedois-lance-une-collection-d-accessoires-de-surf-150x150.jpeg 150w, https:\/\/maisoncalifornia.fr\/wp-content\/uploads\/2022\/04\/IKEA-x-World-Surf-League-le-geant-suedois-lance-une-collection-d-accessoires-de-surf-60x60.jpeg 60w, https:\/\/maisoncalifornia.fr\/wp-content\/uploads\/2022\/04\/IKEA-x-World-Surf-League-le-geant-suedois-lance-une-collection-d-accessoires-de-surf-90x90.jpeg 90w\" sizes=\"auto, (max-width: 625px) 100vw, 625px\" \/><\/figure><\/div>\n","protected":false},"excerpt":{"rendered":"<p>Le g\u00e9ant su\u00e9dois IKEA s\u2019est associ\u00e9 \u00e0 la World Surf League et en particulier aux surfeurs de renom Rob Machado et Kassia Meador mais a aussi consult\u00e9 3.500 surfeurs, pour cr\u00e9er une collection capsule \u00e9co-responsable s&#8217;inspirant de l\u2019esprit du surf. \u201dThe IKEA design approach plus Rob and Kassia\u2019s vast experience in living as surfers make for a collection that is not only sustainable, but also &hellip; <\/p>\n","protected":false},"author":1,"featured_media":1361,"comment_status":"open","ping_status":"closed","sticky":true,"template":"","format":"standard","meta":{"jetpack_post_was_ever_published":false,"footnotes":"","jetpack_publicize_message":"","jetpack_is_tweetstorm":false,"jetpack_publicize_feature_enabled":true,"jetpack_social_post_already_shared":true,"jetpack_social_options":[]},"categories":[115,141,127,118,95,109,107],"tags":[139,126,137,116,128,140,125,138,134,105,132,133,131,111,135,136,106,130,129],"class_list":["post-1347","post","type-post","status-publish","format-standard","has-post-thumbnail","hentry","category-beachlife","category-capsule","category-collaboration","category-decoration","category-lifestyle","category-surf","category-tendances","tag-capsule","tag-collaboration","tag-collection","tag-decoration","tag-ecoresponsable","tag-editionlimitee","tag-ikea","tag-kaseberga","tag-kassiameador","tag-lifestyle","tag-machado","tag-meador","tag-robmachado","tag-surf","tag-surfeur","tag-surfeuse","tag-tendances","tag-worldsurfleague","tag-wsl","latest_post"],"jetpack_publicize_connections":[],"jetpack_featured_media_url":"https:\/\/maisoncalifornia.fr\/wp-content\/uploads\/2022\/04\/IK20-3.jpeg","jetpack_sharing_enabled":true,"jetpack_shortlink":"https:\/\/wp.me\/paWNfV-lJ","_links":{"self":[{"href":"https:\/\/maisoncalifornia.fr\/index.php?rest_route=\/wp\/v2\/posts\/1347","targetHints":{"allow":["GET"]}}],"collection":[{"href":"https:\/\/maisoncalifornia.fr\/index.php?rest_route=\/wp\/v2\/posts"}],"about":[{"href":"https:\/\/maisoncalifornia.fr\/index.php?rest_route=\/wp\/v2\/types\/post"}],"author":[{"embeddable":true,"href":"https:\/\/maisoncalifornia.fr\/index.php?rest_route=\/wp\/v2\/users\/1"}],"replies":[{"embeddable":true,"href":"https:\/\/maisoncalifornia.fr\/index.php?rest_route=%2Fwp%2Fv2%2Fcomments&post=1347"}],"version-history":[{"count":32,"href":"https:\/\/maisoncalifornia.fr\/index.php?rest_route=\/wp\/v2\/posts\/1347\/revisions"}],"predecessor-version":[{"id":1409,"href":"https:\/\/maisoncalifornia.fr\/index.php?rest_route=\/wp\/v2\/posts\/1347\/revisions\/1409"}],"wp:featuredmedia":[{"embeddable":true,"href":"https:\/\/maisoncalifornia.fr\/index.php?rest_route=\/wp\/v2\/media\/1361"}],"wp:attachment":[{"href":"https:\/\/maisoncalifornia.fr\/index.php?rest_route=%2Fwp%2Fv2%2Fmedia&parent=1347"}],"wp:term":[{"taxonomy":"category","embeddable":true,"href":"https:\/\/maisoncalifornia.fr\/index.php?rest_route=%2Fwp%2Fv2%2Fcategories&post=1347"},{"taxonomy":"post_tag","embeddable":true,"href":"https:\/\/maisoncalifornia.fr\/index.php?rest_route=%2Fwp%2Fv2%2Ftags&post=1347"}],"curies":[{"name":"wp","href":"https:\/\/api.w.org\/{rel}","templated":true}]}}